{"id":1,"date":"2024-06-01T20:46:26","date_gmt":"2024-06-01T18:46:26","guid":{"rendered":"http:\/\/asociacioncivilestarsiendo.com.ar\/?p=1"},"modified":"2026-03-01T17:28:15","modified_gmt":"2026-03-01T20:28:15","slug":"hola-mundo","status":"publish","type":"post","link":"https:\/\/asociacioncivilestarsiendo.com.ar\/?p=1","title":{"rendered":"El Despu\u00e9s Inmediato de la Pandemia: Apoyo Escolar"},"content":{"rendered":"\t\t<div data-elementor-type=\"wp-post\" data-elementor-id=\"1\" class=\"elementor elementor-1\">\n\t\t\t\t<div class=\"elementor-element elementor-element-983924c e-flex e-con-boxed e-con e-parent\" data-id=\"983924c\" data-element_type=\"container\" data-e-type=\"container\">\n\t\t\t\t\t<div class=\"e-con-inner\">\n\t\t\t\t<div class=\"elementor-element elementor-element-aa4f3dd elementor-widget elementor-widget-image\" data-id=\"aa4f3dd\" data-element_type=\"widget\" data-e-type=\"widget\" data-widget_type=\"image.default\">\n\t\t\t\t<div class=\"elementor-widget-container\">\n\t\t\t\t\t\t\t\t\t\t\t\t\t\t\t<img fetchpriority=\"high\" decoding=\"async\" width=\"847\" height=\"391\" src=\"https:\/\/asociacioncivilestarsiendo.com.ar\/wp-content\/uploads\/2024\/06\/WhatsApp-Image-2022-10-21-at-18.50.53-1024x473.jpeg\" class=\"attachment-large size-large wp-image-35\" alt=\"\" srcset=\"https:\/\/asociacioncivilestarsiendo.com.ar\/wp-content\/uploads\/2024\/06\/WhatsApp-Image-2022-10-21-at-18.50.53-1024x473.jpeg 1024w, https:\/\/asociacioncivilestarsiendo.com.ar\/wp-content\/uploads\/2024\/06\/WhatsApp-Image-2022-10-21-at-18.50.53-300x138.jpeg 300w, https:\/\/asociacioncivilestarsiendo.com.ar\/wp-content\/uploads\/2024\/06\/WhatsApp-Image-2022-10-21-at-18.50.53-768x354.jpeg 768w, https:\/\/asociacioncivilestarsiendo.com.ar\/wp-content\/uploads\/2024\/06\/WhatsApp-Image-2022-10-21-at-18.50.53-360x166.jpeg 360w, https:\/\/asociacioncivilestarsiendo.com.ar\/wp-content\/uploads\/2024\/06\/WhatsApp-Image-2022-10-21-at-18.50.53.jpeg 1040w\" sizes=\"(max-width: 847px) 100vw, 847px\" \/>\t\t\t\t\t\t\t\t\t\t\t\t\t\t\t<\/div>\n\t\t\t\t<\/div>\n\t\t\t\t\t<\/div>\n\t\t\t\t<\/div>\n\t\t<div class=\"elementor-element elementor-element-6758135b e-flex e-con-boxed e-con e-parent\" data-id=\"6758135b\" data-element_type=\"container\" data-e-type=\"container\">\n\t\t\t\t\t<div class=\"e-con-inner\">\n\t\t\t\t<div class=\"elementor-element elementor-element-65cc3f8f elementor-widget elementor-widget-text-editor\" data-id=\"65cc3f8f\" data-element_type=\"widget\" data-e-type=\"widget\" data-widget_type=\"text-editor.default\">\n\t\t\t\t<div class=\"elementor-widget-container\">\n\t\t\t\t\t\t\t\t\t\n<p>Pensamos el apoyo escolar como encuentro en el marco de la comunidad de nuestra ciudad. Nos basamos en la confluencia de la idea de encuentro tal como lo concibe Baruch Spinoza, fil\u00f3sofo pol\u00edtico de la Holanda del siglo XVI. Este fil\u00f3sofo sosten\u00eda que somos un grado de potencia y que esta potencia puede aumentar o disminuir en el encuentro con el otro.<\/p>\n\t\t\t\t\t\t\t\t<\/div>\n\t\t\t\t<\/div>\n\t\t\t\t\t<\/div>\n\t\t\t\t<\/div>\n\t\t<div class=\"elementor-element elementor-element-fe75615 e-flex e-con-boxed e-con e-parent\" data-id=\"fe75615\" data-element_type=\"container\" data-e-type=\"container\">\n\t\t\t\t\t<div class=\"e-con-inner\">\n\t\t\t\t<div class=\"elementor-element elementor-element-40f1922 elementor-widget elementor-widget-text-editor\" data-id=\"40f1922\" data-element_type=\"widget\" data-e-type=\"widget\" data-widget_type=\"text-editor.default\">\n\t\t\t\t<div class=\"elementor-widget-container\">\n\t\t\t\t\t\t\t\t\t<blockquote>\n<p><em>\u00abNos preguntamos desde que abordamos el apoyo escolar, cu\u00e1les son las variables sociopol\u00edticas, culturales y econ\u00f3micas que atraviesan a un ni\u00f1o o ni\u00f1a cuando no aprenden y la respuesta tiene que ver con c\u00f3mo ha sido el encuentro pedag\u00f3gico que ha determinado que disminuya su potencia de aprender.\u00bb<\/em><\/p>\n<\/blockquote>\t\t\t\t\t\t\t\t<\/div>\n\t\t\t\t<\/div>\n\t\t\t\t\t<\/div>\n\t\t\t\t<\/div>\n\t\t<div class=\"elementor-element elementor-element-eba8a27 e-flex e-con-boxed e-con e-parent\" data-id=\"eba8a27\" data-element_type=\"container\" data-e-type=\"container\">\n\t\t\t\t\t<div class=\"e-con-inner\">\n\t\t\t\t<div class=\"elementor-element elementor-element-bc1fd85 elementor-widget elementor-widget-text-editor\" data-id=\"bc1fd85\" data-element_type=\"widget\" data-e-type=\"widget\" data-widget_type=\"text-editor.default\">\n\t\t\t\t<div class=\"elementor-widget-container\">\n\t\t\t\t\t\t\t\t\t<p>Por eso nos gu\u00eda una pedagog\u00eda del afecto, afecto que genera en ellos la alegr\u00eda de vivir y de creer que hay mundos posibles para ellos.<\/p>\t\t\t\t\t\t\t\t<\/div>\n\t\t\t\t<\/div>\n\t\t\t\t\t<\/div>\n\t\t\t\t<\/div>\n\t\t<div class=\"elementor-element elementor-element-ddab7a9 e-flex e-con-boxed e-con e-parent\" data-id=\"ddab7a9\" data-element_type=\"container\" data-e-type=\"container\">\n\t\t\t\t\t<div class=\"e-con-inner\">\n\t\t\t\t<div class=\"elementor-element elementor-element-d080a04 elementor-widget elementor-widget-text-editor\" data-id=\"d080a04\" data-element_type=\"widget\" data-e-type=\"widget\" data-widget_type=\"text-editor.default\">\n\t\t\t\t<div class=\"elementor-widget-container\">\n\t\t\t\t\t\t\t\t\t<blockquote>\n<p><em>\u00abNo es casual que Per\u00f3n, en el discurso que dio en el Congreso de Filosof\u00eda de 1949, cite a Spinoza para fundar su concepto de comunidad organizada concebida desde el Estado como la organizaci\u00f3n que posibilita que los ciudadanos aumenten su potencia de actuar y de vivir.\u00bb<\/em><\/p>\n<\/blockquote>\t\t\t\t\t\t\t\t<\/div>\n\t\t\t\t<\/div>\n\t\t\t\t\t<\/div>\n\t\t\t\t<\/div>\n\t\t<div class=\"elementor-element elementor-element-03d8fb0 e-flex e-con-boxed e-con e-parent\" data-id=\"03d8fb0\" data-element_type=\"container\" data-e-type=\"container\">\n\t\t\t\t\t<div class=\"e-con-inner\">\n\t\t\t\t<div class=\"elementor-element elementor-element-cf2ded3 elementor-widget elementor-widget-text-editor\" data-id=\"cf2ded3\" data-element_type=\"widget\" data-e-type=\"widget\" data-widget_type=\"text-editor.default\">\n\t\t\t\t<div class=\"elementor-widget-container\">\n\t\t\t\t\t\t\t\t\t<p>Para cerrar el tri\u00e1ngulo de pensadores que nos alienta en nuestra tarea cotidiana, c\u00f3mo no nombrar al fil\u00f3sofo Rodolfo Kusch, uno de los creadores de un pensamiento latinoamericano aplicable de manera indubitable a la educaci\u00f3n argentina. \u00c9l no era dial\u00e9ctico, conciliaba los contrarios, civilizaci\u00f3n y barbarie y en este sentido suger\u00eda una educaci\u00f3n europea que contemple quinientos a\u00f1os de historia junto con un pensamiento americano: un estar que componga con nuestras circunstancias para producir nuevos sentidos de liberaci\u00f3n de nuestro pueblo y una felicidad infinita, como propon\u00eda Evita en pensamiento y acci\u00f3n cuando pregonaba que LOS \u00daNICOS PRIVILEGIADOS SON LOS NI\u00d1OS.<\/p>\n<p>La pandemia puso en emergencia situaciones poco visibilizadas de manera masiva en t\u00e9rminos educativos, en la poblaci\u00f3n de ni\u00f1as, ni\u00f1os y adolescentes en nuestra ciudad.<\/p>\t\t\t\t\t\t\t\t<\/div>\n\t\t\t\t<\/div>\n\t\t\t\t\t<\/div>\n\t\t\t\t<\/div>\n\t\t<div class=\"elementor-element elementor-element-595ace2 e-flex e-con-boxed e-con e-parent\" data-id=\"595ace2\" data-element_type=\"container\" data-e-type=\"container\">\n\t\t\t\t\t<div class=\"e-con-inner\">\n\t\t\t\t<div class=\"elementor-element elementor-element-c02e463 elementor-widget elementor-widget-text-editor\" data-id=\"c02e463\" data-element_type=\"widget\" data-e-type=\"widget\" data-widget_type=\"text-editor.default\">\n\t\t\t\t<div class=\"elementor-widget-container\">\n\t\t\t\t\t\t\t\t\t<blockquote>\n<p><em>\u00abLo que proponemos con este proyecto es fortalecer los trayectos formativos de ni\u00f1as, ni\u00f1os y adolescentes a trav\u00e9s de diferentes tr\u00e1nsitos culturales, que se vayan combinando con las actividades de apoyos escolares.\u00bb<\/em><\/p>\n<\/blockquote>\t\t\t\t\t\t\t\t<\/div>\n\t\t\t\t<\/div>\n\t\t\t\t\t<\/div>\n\t\t\t\t<\/div>\n\t\t<div class=\"elementor-element elementor-element-28e43da e-flex e-con-boxed e-con e-parent\" data-id=\"28e43da\" data-element_type=\"container\" data-e-type=\"container\">\n\t\t\t\t\t<div class=\"e-con-inner\">\n\t\t\t\t<div class=\"elementor-element elementor-element-60da56e elementor-widget elementor-widget-text-editor\" data-id=\"60da56e\" data-element_type=\"widget\" data-e-type=\"widget\" data-widget_type=\"text-editor.default\">\n\t\t\t\t<div class=\"elementor-widget-container\">\n\t\t\t\t\t\t\t\t\t<p>Es decir, proponemos trabajar con les ni\u00f1es a trav\u00e9s del cine, los clubes de lectura, el yoga y el acceso a la tecnolog\u00eda; el encuentro con sus pares, con los referentes adultos, con el juego, con otros modos de aprender, hasta con su propio cuerpo.<\/p>\t\t\t\t\t\t\t\t<\/div>\n\t\t\t\t<\/div>\n\t\t\t\t\t<\/div>\n\t\t\t\t<\/div>\n\t\t<div class=\"elementor-element elementor-element-9016c1e e-flex e-con-boxed e-con e-parent\" data-id=\"9016c1e\" data-element_type=\"container\" data-e-type=\"container\">\n\t\t\t\t\t<div class=\"e-con-inner\">\n\t\t\t\t<div class=\"elementor-element elementor-element-47b35da elementor-widget elementor-widget-text-editor\" data-id=\"47b35da\" data-element_type=\"widget\" data-e-type=\"widget\" data-widget_type=\"text-editor.default\">\n\t\t\t\t<div class=\"elementor-widget-container\">\n\t\t\t\t\t\t\t\t\t<blockquote>\n<p><em>\u00abProponemos incorporar diferentes tr\u00e1nsitos en cada espacio de apoyo escolar, que aporten a los sentidos antes descriptos, que tengan como meta una permanencia de calidad en la escuela, as\u00ed como el encuentro con otros lenguajes y modos de expresi\u00f3n que aporten creatividad, imaginaci\u00f3n y el deseo de participaci\u00f3n.\u00bb<\/em><\/p>\n<\/blockquote>\t\t\t\t\t\t\t\t<\/div>\n\t\t\t\t<\/div>\n\t\t\t\t\t<\/div>\n\t\t\t\t<\/div>\n\t\t<div class=\"elementor-element elementor-element-20724fe e-flex e-con-boxed e-con e-parent\" data-id=\"20724fe\" data-element_type=\"container\" data-e-type=\"container\">\n\t\t\t\t\t<div class=\"e-con-inner\">\n\t\t\t\t<div class=\"elementor-element elementor-element-011db1d elementor-widget elementor-widget-image-carousel\" data-id=\"011db1d\" data-element_type=\"widget\" data-e-type=\"widget\" data-settings=\"{&quot;slides_to_show&quot;:&quot;3&quot;,&quot;navigation&quot;:&quot;none&quot;,&quot;slides_to_scroll&quot;:&quot;3&quot;,&quot;image_spacing_custom&quot;:{&quot;unit&quot;:&quot;px&quot;,&quot;size&quot;:12,&quot;sizes&quot;:[]},&quot;speed&quot;:500,&quot;image_spacing_custom_tablet&quot;:{&quot;unit&quot;:&quot;px&quot;,&quot;size&quot;:&quot;&quot;,&quot;sizes&quot;:[]},&quot;image_spacing_custom_mobile&quot;:{&quot;unit&quot;:&quot;px&quot;,&quot;size&quot;:&quot;&quot;,&quot;sizes&quot;:[]}}\" data-widget_type=\"image-carousel.default\">\n\t\t\t\t<div class=\"elementor-widget-container\">\n\t\t\t\t\t\t\t<div class=\"elementor-image-carousel-wrapper swiper\" role=\"region\" aria-roledescription=\"carousel\" aria-label=\"Carrusel de im\u00e1genes\" dir=\"ltr\">\n\t\t\t<div class=\"elementor-image-carousel swiper-wrapper swiper-image-stretch\" aria-live=\"polite\">\n\t\t\t\t\t\t\t\t<div class=\"swiper-slide\" role=\"group\" aria-roledescription=\"slide\" aria-label=\"1 de 3\"><figure class=\"swiper-slide-inner\"><img decoding=\"async\" class=\"swiper-slide-image\" src=\"https:\/\/asociacioncivilestarsiendo.com.ar\/wp-content\/uploads\/2024\/06\/Apoyo1.jpg\" alt=\"Apoyo1\" \/><\/figure><\/div><div class=\"swiper-slide\" role=\"group\" aria-roledescription=\"slide\" aria-label=\"2 de 3\"><figure class=\"swiper-slide-inner\"><img decoding=\"async\" class=\"swiper-slide-image\" src=\"https:\/\/asociacioncivilestarsiendo.com.ar\/wp-content\/uploads\/2024\/06\/Apoyo2.jpg\" alt=\"Apoyo2\" \/><\/figure><\/div><div class=\"swiper-slide\" role=\"group\" aria-roledescription=\"slide\" aria-label=\"3 de 3\"><figure class=\"swiper-slide-inner\"><img decoding=\"async\" class=\"swiper-slide-image\" src=\"https:\/\/asociacioncivilestarsiendo.com.ar\/wp-content\/uploads\/2024\/06\/Festejos.jpg\" alt=\"Festejos\" \/><\/figure><\/div>\t\t\t<\/div>\n\t\t\t\t\t\t\t\n\t\t\t\t\t\t\t\t\t<\/div>\n\t\t\t\t\t\t<\/div>\n\t\t\t\t<\/div>\n\t\t\t\t\t<\/div>\n\t\t\t\t<\/div>\n\t\t<div class=\"elementor-element elementor-element-74e1338 e-flex e-con-boxed e-con e-parent\" data-id=\"74e1338\" data-element_type=\"container\" data-e-type=\"container\">\n\t\t\t\t\t<div class=\"e-con-inner\">\n\t\t\t\t<div class=\"elementor-element elementor-element-58836fe elementor-widget elementor-widget-image-carousel\" data-id=\"58836fe\" data-element_type=\"widget\" data-e-type=\"widget\" data-settings=\"{&quot;slides_to_show&quot;:&quot;2&quot;,&quot;slides_to_scroll&quot;:&quot;2&quot;,&quot;navigation&quot;:&quot;none&quot;,&quot;image_spacing_custom&quot;:{&quot;unit&quot;:&quot;px&quot;,&quot;size&quot;:12,&quot;sizes&quot;:[]},&quot;speed&quot;:500,&quot;image_spacing_custom_tablet&quot;:{&quot;unit&quot;:&quot;px&quot;,&quot;size&quot;:&quot;&quot;,&quot;sizes&quot;:[]},&quot;image_spacing_custom_mobile&quot;:{&quot;unit&quot;:&quot;px&quot;,&quot;size&quot;:&quot;&quot;,&quot;sizes&quot;:[]}}\" data-widget_type=\"image-carousel.default\">\n\t\t\t\t<div class=\"elementor-widget-container\">\n\t\t\t\t\t\t\t<div class=\"elementor-image-carousel-wrapper swiper\" role=\"region\" aria-roledescription=\"carousel\" aria-label=\"Carrusel de im\u00e1genes\" dir=\"ltr\">\n\t\t\t<div class=\"elementor-image-carousel swiper-wrapper\" aria-live=\"polite\">\n\t\t\t\t\t\t\t\t<div class=\"swiper-slide\" role=\"group\" aria-roledescription=\"slide\" aria-label=\"1 de 2\"><figure class=\"swiper-slide-inner\"><img decoding=\"async\" class=\"swiper-slide-image\" src=\"https:\/\/asociacioncivilestarsiendo.com.ar\/wp-content\/uploads\/2024\/06\/Apoyo3.jpg\" alt=\"Apoyo3\" \/><\/figure><\/div><div class=\"swiper-slide\" role=\"group\" aria-roledescription=\"slide\" aria-label=\"2 de 2\"><figure class=\"swiper-slide-inner\"><img decoding=\"async\" class=\"swiper-slide-image\" src=\"https:\/\/asociacioncivilestarsiendo.com.ar\/wp-content\/uploads\/2024\/06\/Lecturas.jpg\" alt=\"Lecturas\" \/><\/figure><\/div>\t\t\t<\/div>\n\t\t\t\t\t\t\t\n\t\t\t\t\t\t\t\t\t<\/div>\n\t\t\t\t\t\t<\/div>\n\t\t\t\t<\/div>\n\t\t\t\t\t<\/div>\n\t\t\t\t<\/div>\n\t\t\t\t<\/div>\n\t\t","protected":false},"excerpt":{"rendered":"<p>Pensamos el apoyo escolar como encuentro en el marco de la comunidad de nuestra ciudad. Nos basamos en la confluencia de la idea de encuentro tal como lo concibe Baruch Spinoza, fil\u00f3sofo pol\u00edtico de la Holanda del siglo XVI. Este fil\u00f3sofo sosten\u00eda que somos un grado de potencia y que <a href=\"https:\/\/asociacioncivilestarsiendo.com.ar\/?p=1\" class=\"read-more\">Leer m\u00e1s&#8230;<\/a><\/p>\n","protected":false},"author":1,"featured_media":53,"comment_status":"open","ping_status":"open","sticky":false,"template":"","format":"standard","meta":{"footnotes":""},"categories":[5],"tags":[],"class_list":["post-1","post","type-post","status-publish","format-standard","has-post-thumbnail","hentry","category-noticias"],"_links":{"self":[{"href":"https:\/\/asociacioncivilestarsiendo.com.ar\/index.php?rest_route=\/wp\/v2\/posts\/1","targetHints":{"allow":["GET"]}}],"collection":[{"href":"https:\/\/asociacioncivilestarsiendo.com.ar\/index.php?rest_route=\/wp\/v2\/posts"}],"about":[{"href":"https:\/\/asociacioncivilestarsiendo.com.ar\/index.php?rest_route=\/wp\/v2\/types\/post"}],"author":[{"embeddable":true,"href":"https:\/\/asociacioncivilestarsiendo.com.ar\/index.php?rest_route=\/wp\/v2\/users\/1"}],"replies":[{"embeddable":true,"href":"https:\/\/asociacioncivilestarsiendo.com.ar\/index.php?rest_route=%2Fwp%2Fv2%2Fcomments&post=1"}],"version-history":[{"count":19,"href":"https:\/\/asociacioncivilestarsiendo.com.ar\/index.php?rest_route=\/wp\/v2\/posts\/1\/revisions"}],"predecessor-version":[{"id":284,"href":"https:\/\/asociacioncivilestarsiendo.com.ar\/index.php?rest_route=\/wp\/v2\/posts\/1\/revisions\/284"}],"wp:featuredmedia":[{"embeddable":true,"href":"https:\/\/asociacioncivilestarsiendo.com.ar\/index.php?rest_route=\/wp\/v2\/media\/53"}],"wp:attachment":[{"href":"https:\/\/asociacioncivilestarsiendo.com.ar\/index.php?rest_route=%2Fwp%2Fv2%2Fmedia&parent=1"}],"wp:term":[{"taxonomy":"category","embeddable":true,"href":"https:\/\/asociacioncivilestarsiendo.com.ar\/index.php?rest_route=%2Fwp%2Fv2%2Fcategories&post=1"},{"taxonomy":"post_tag","embeddable":true,"href":"https:\/\/asociacioncivilestarsiendo.com.ar\/index.php?rest_route=%2Fwp%2Fv2%2Ftags&post=1"}],"curies":[{"name":"wp","href":"https:\/\/api.w.org\/{rel}","templated":true}]}}