{"id":257,"date":"2026-03-01T16:01:13","date_gmt":"2026-03-01T19:01:13","guid":{"rendered":"https:\/\/asociacioncivilestarsiendo.com.ar\/?p=257"},"modified":"2026-03-05T15:38:03","modified_gmt":"2026-03-05T18:38:03","slug":"la-comunicacion-popular-radio-enlace-102-3","status":"publish","type":"post","link":"https:\/\/asociacioncivilestarsiendo.com.ar\/?p=257","title":{"rendered":"La Comunicaci\u00f3n Popular. Radio Enlace 102.3"},"content":{"rendered":"\t\t<div data-elementor-type=\"wp-post\" data-elementor-id=\"257\" class=\"elementor elementor-257\">\n\t\t\t\t<div class=\"elementor-element elementor-element-e8fb48f e-flex e-con-boxed e-con e-parent\" data-id=\"e8fb48f\" data-element_type=\"container\" data-e-type=\"container\">\n\t\t\t\t\t<div class=\"e-con-inner\">\n\t\t\t\t<div class=\"elementor-element elementor-element-bbb93e5 elementor-widget elementor-widget-text-editor\" data-id=\"bbb93e5\" data-element_type=\"widget\" data-e-type=\"widget\" data-widget_type=\"text-editor.default\">\n\t\t\t\t<div class=\"elementor-widget-container\">\n\t\t\t\t\t\t\t\t\t<p>Comunicarse es una experiencia cotidiana de todas las personas. Cuando nos comunicamos estamos vincul\u00e1ndonos, poniendo en com\u00fan con otros y otras lo que pensamos, sentimos y anhelamos; compartiendo e intercambiando tristezas y alegr\u00edas, ideas, certezas e interrogantes.<\/p><p>A su vez las organizaciones son espacios de comunicaci\u00f3n y tienen la potencialidad de transformar su propio entorno y resignificar el sentido de sus pr\u00e1cticas y las de los dem\u00e1s actores comunitarios.<\/p><blockquote><p>Por ello es que cre\u00edmos estrat\u00e9gico construir una radio comunitaria que permita hacer confluir a una diversidad de voces de nuestra ciudad partiendo siempre del encuentro como espacio de construcci\u00f3n social.<\/p><p>Creemos que la comunicaci\u00f3n es una pr\u00e1ctica cultural, educativa y pol\u00edtica que puede, en el marco de experiencias comunitarias, colectivas y populares, facilitar la democratizaci\u00f3n del espacio p\u00fablico con el fin de hacer circular su propia palabra, generar di\u00e1logo, v\u00ednculos sociales, disputar en lo simb\u00f3lico y construir sentidos comunes distintos a los hegem\u00f3nicos instalados en los imaginarios sociales.<\/p><\/blockquote><p>Po ello desde octubre de 2023 inauguramos la FM 102.3 Radio Enlace. Una radio comunitaria hist\u00f3rica en nuestra ciudad, que s\u00f3lo pasaba folcklore las 24 hs del d\u00eda.<\/p><p>A partir de ese momento la radio comenz\u00f3 a instalarse como la radio mas escuchada y vista en nuestra ciudad.<\/p><p>Toda la informaci\u00f3n general, pol\u00edtica, cultural, deportiva, religiosa del \u00e1mbito local, regional, provincial, nacional e internacional pasa por Radio Enlace, co<span style=\"background-color: inherit;\">n pluralidad de voces y miradas, haciendo comunidad desde la diversidad.\u00a0<\/span><span style=\"background-color: inherit;\">Construimos una p\u00e1gina web <a href=\"http:\/\/portalenlace.com.ar\">portalenlace.com.ar<\/a> donde se puede leer y escuchar cada programa al igual que en el IG<\/span><\/p>\t\t\t\t\t\t\t\t<\/div>\n\t\t\t\t<\/div>\n\t\t\t\t\t<\/div>\n\t\t\t\t<\/div>\n\t\t\t\t<\/div>\n\t\t","protected":false},"excerpt":{"rendered":"<p>Comunicarse es una experiencia cotidiana de todas las personas. Cuando nos comunicamos estamos vincul\u00e1ndonos, poniendo en com\u00fan con otros y otras lo que pensamos, sentimos y anhelamos; compartiendo e intercambiando tristezas y alegr\u00edas, ideas, certezas e interrogantes. A su vez las organizaciones son espacios de comunicaci\u00f3n y tienen la potencialidad <a href=\"https:\/\/asociacioncivilestarsiendo.com.ar\/?p=257\" class=\"read-more\">Leer m\u00e1s&#8230;<\/a><\/p>\n","protected":false},"author":1,"featured_media":259,"comment_status":"open","ping_status":"open","sticky":false,"template":"","format":"standard","meta":{"footnotes":""},"categories":[4],"tags":[],"class_list":["post-257","post","type-post","status-publish","format-standard","has-post-thumbnail","hentry","category-proyectos"],"_links":{"self":[{"href":"https:\/\/asociacioncivilestarsiendo.com.ar\/index.php?rest_route=\/wp\/v2\/posts\/257","targetHints":{"allow":["GET"]}}],"collection":[{"href":"https:\/\/asociacioncivilestarsiendo.com.ar\/index.php?rest_route=\/wp\/v2\/posts"}],"about":[{"href":"https:\/\/asociacioncivilestarsiendo.com.ar\/index.php?rest_route=\/wp\/v2\/types\/post"}],"author":[{"embeddable":true,"href":"https:\/\/asociacioncivilestarsiendo.com.ar\/index.php?rest_route=\/wp\/v2\/users\/1"}],"replies":[{"embeddable":true,"href":"https:\/\/asociacioncivilestarsiendo.com.ar\/index.php?rest_route=%2Fwp%2Fv2%2Fcomments&post=257"}],"version-history":[{"count":19,"href":"https:\/\/asociacioncivilestarsiendo.com.ar\/index.php?rest_route=\/wp\/v2\/posts\/257\/revisions"}],"predecessor-version":[{"id":323,"href":"https:\/\/asociacioncivilestarsiendo.com.ar\/index.php?rest_route=\/wp\/v2\/posts\/257\/revisions\/323"}],"wp:featuredmedia":[{"embeddable":true,"href":"https:\/\/asociacioncivilestarsiendo.com.ar\/index.php?rest_route=\/wp\/v2\/media\/259"}],"wp:attachment":[{"href":"https:\/\/asociacioncivilestarsiendo.com.ar\/index.php?rest_route=%2Fwp%2Fv2%2Fmedia&parent=257"}],"wp:term":[{"taxonomy":"category","embeddable":true,"href":"https:\/\/asociacioncivilestarsiendo.com.ar\/index.php?rest_route=%2Fwp%2Fv2%2Fcategories&post=257"},{"taxonomy":"post_tag","embeddable":true,"href":"https:\/\/asociacioncivilestarsiendo.com.ar\/index.php?rest_route=%2Fwp%2Fv2%2Ftags&post=257"}],"curies":[{"name":"wp","href":"https:\/\/api.w.org\/{rel}","templated":true}]}}