{"id":324,"date":"2026-03-05T15:34:38","date_gmt":"2026-03-05T18:34:38","guid":{"rendered":"https:\/\/asociacioncivilestarsiendo.com.ar\/?p=324"},"modified":"2026-03-05T15:37:44","modified_gmt":"2026-03-05T18:37:44","slug":"usina-de-divulgacion-regional","status":"publish","type":"post","link":"https:\/\/asociacioncivilestarsiendo.com.ar\/?p=324","title":{"rendered":"Usina de divulgaci\u00f3n regional."},"content":{"rendered":"\t\t<div data-elementor-type=\"wp-post\" data-elementor-id=\"324\" class=\"elementor elementor-324\">\n\t\t\t\t<div class=\"elementor-element elementor-element-a56a30b e-flex e-con-boxed e-con e-parent\" data-id=\"a56a30b\" data-element_type=\"container\" data-e-type=\"container\">\n\t\t\t\t\t<div class=\"e-con-inner\">\n\t\t\t\t<div class=\"elementor-element elementor-element-4c66a9e elementor-widget elementor-widget-text-editor\" data-id=\"4c66a9e\" data-element_type=\"widget\" data-e-type=\"widget\" data-widget_type=\"text-editor.default\">\n\t\t\t\t<div class=\"elementor-widget-container\">\n\t\t\t\t\t\t\t\t\t<p>El trayecto que recorri\u00f3 Radio Enlace permiti\u00f3 producir encuentros pedag\u00f3gicos y formativos, pero sobre todo encuentros donde el lazo interinstitucional foment\u00f3 nuevos horizontes.<\/p><p>As\u00ed fue como trabajamos con la Escuela pre universitaria Sara Bartfeld Rietti del polo tecnol\u00f3gico Tecnolagos en la convocatoria para divulgar podcast producidos por los estudiantes en diferentes \u00e1reas de formaci\u00f3n.<\/p><p>Dicha propuesta realizada desde Radio Enlace, entendiendo que gran parte de la poblaci\u00f3n estudiantil del Tecno Lagos es oriunda de Pueblo Esther, fue c\u00e1lidamente recibida por la instituci\u00f3n redoblando la apuesta de producci\u00f3n y difusi\u00f3n; por ello crearon en 2025 el canal de Streaming, inaugurando el estudio creativo Mariano Diodatti el 26 de septiembre, participamos de su inauguraci\u00f3n y comenzamos un trabajo colaborativo que sigue su recorrido en este 2026.<\/p>\t\t\t\t\t\t\t\t<\/div>\n\t\t\t\t<\/div>\n\t\t\t\t\t<\/div>\n\t\t\t\t<\/div>\n\t\t<div class=\"elementor-element elementor-element-07b6dbe e-flex e-con-boxed e-con e-parent\" data-id=\"07b6dbe\" data-element_type=\"container\" data-e-type=\"container\">\n\t\t\t\t\t<div class=\"e-con-inner\">\n\t\t\t\t<div class=\"elementor-element elementor-element-292cc53 elementor-widget elementor-widget-video\" data-id=\"292cc53\" data-element_type=\"widget\" data-e-type=\"widget\" data-settings=\"{&quot;youtube_url&quot;:&quot;https:\\\/\\\/www.youtube.com\\\/watch?v=bm-ceVCTa-k&quot;,&quot;video_type&quot;:&quot;youtube&quot;,&quot;controls&quot;:&quot;yes&quot;}\" data-widget_type=\"video.default\">\n\t\t\t\t<div class=\"elementor-widget-container\">\n\t\t\t\t\t\t\t<div class=\"elementor-wrapper elementor-open-inline\">\n\t\t\t<div class=\"elementor-video\"><\/div>\t\t<\/div>\n\t\t\t\t\t\t<\/div>\n\t\t\t\t<\/div>\n\t\t\t\t\t<\/div>\n\t\t\t\t<\/div>\n\t\t\t\t<\/div>\n\t\t","protected":false},"excerpt":{"rendered":"<p>El trayecto que recorri\u00f3 Radio Enlace permiti\u00f3 producir encuentros pedag\u00f3gicos y formativos, pero sobre todo encuentros donde el lazo interinstitucional foment\u00f3 nuevos horizontes. As\u00ed fue como trabajamos con la Escuela pre universitaria Sara Bartfeld Rietti del polo tecnol\u00f3gico Tecnolagos en la convocatoria para divulgar podcast producidos por los estudiantes en <a href=\"https:\/\/asociacioncivilestarsiendo.com.ar\/?p=324\" class=\"read-more\">Leer m\u00e1s&#8230;<\/a><\/p>\n","protected":false},"author":1,"featured_media":0,"comment_status":"open","ping_status":"open","sticky":false,"template":"","format":"standard","meta":{"footnotes":""},"categories":[4],"tags":[],"class_list":["post-324","post","type-post","status-publish","format-standard","hentry","category-proyectos"],"_links":{"self":[{"href":"https:\/\/asociacioncivilestarsiendo.com.ar\/index.php?rest_route=\/wp\/v2\/posts\/324","targetHints":{"allow":["GET"]}}],"collection":[{"href":"https:\/\/asociacioncivilestarsiendo.com.ar\/index.php?rest_route=\/wp\/v2\/posts"}],"about":[{"href":"https:\/\/asociacioncivilestarsiendo.com.ar\/index.php?rest_route=\/wp\/v2\/types\/post"}],"author":[{"embeddable":true,"href":"https:\/\/asociacioncivilestarsiendo.com.ar\/index.php?rest_route=\/wp\/v2\/users\/1"}],"replies":[{"embeddable":true,"href":"https:\/\/asociacioncivilestarsiendo.com.ar\/index.php?rest_route=%2Fwp%2Fv2%2Fcomments&post=324"}],"version-history":[{"count":4,"href":"https:\/\/asociacioncivilestarsiendo.com.ar\/index.php?rest_route=\/wp\/v2\/posts\/324\/revisions"}],"predecessor-version":[{"id":328,"href":"https:\/\/asociacioncivilestarsiendo.com.ar\/index.php?rest_route=\/wp\/v2\/posts\/324\/revisions\/328"}],"wp:attachment":[{"href":"https:\/\/asociacioncivilestarsiendo.com.ar\/index.php?rest_route=%2Fwp%2Fv2%2Fmedia&parent=324"}],"wp:term":[{"taxonomy":"category","embeddable":true,"href":"https:\/\/asociacioncivilestarsiendo.com.ar\/index.php?rest_route=%2Fwp%2Fv2%2Fcategories&post=324"},{"taxonomy":"post_tag","embeddable":true,"href":"https:\/\/asociacioncivilestarsiendo.com.ar\/index.php?rest_route=%2Fwp%2Fv2%2Ftags&post=324"}],"curies":[{"name":"wp","href":"https:\/\/api.w.org\/{rel}","templated":true}]}}