{"id":99,"date":"2024-06-03T00:27:54","date_gmt":"2024-06-02T22:27:54","guid":{"rendered":"https:\/\/asociacioncivilestarsiendo.com.ar\/?p=99"},"modified":"2026-03-05T15:16:01","modified_gmt":"2026-03-05T18:16:01","slug":"programa-de-formacion-y-empleo-juvenil","status":"publish","type":"post","link":"https:\/\/asociacioncivilestarsiendo.com.ar\/?p=99","title":{"rendered":"Programa de Formaci\u00f3n y Empleo Juvenil."},"content":{"rendered":"\t\t<div data-elementor-type=\"wp-post\" data-elementor-id=\"99\" class=\"elementor elementor-99\">\n\t\t\t\t<div class=\"elementor-element elementor-element-68b0f51 e-flex e-con-boxed e-con e-parent\" data-id=\"68b0f51\" data-element_type=\"container\" data-e-type=\"container\">\n\t\t\t\t\t<div class=\"e-con-inner\">\n\t\t\t\t<div class=\"elementor-element elementor-element-9c83d81 elementor-widget elementor-widget-heading\" data-id=\"9c83d81\" data-element_type=\"widget\" data-e-type=\"widget\" data-widget_type=\"heading.default\">\n\t\t\t\t<div class=\"elementor-widget-container\">\n\t\t\t\t\t<h2 class=\"elementor-heading-title elementor-size-default\">Formaci\u00f3n y Empleo para J\u00f3venes: Impulsando el Futuro de Nuestra Ciudad<\/h2>\t\t\t\t<\/div>\n\t\t\t\t<\/div>\n\t\t\t\t\t<\/div>\n\t\t\t\t<\/div>\n\t\t<div class=\"elementor-element elementor-element-b314d48 e-flex e-con-boxed e-con e-parent\" data-id=\"b314d48\" data-element_type=\"container\" data-e-type=\"container\">\n\t\t\t\t\t<div class=\"e-con-inner\">\n\t\t\t\t<div class=\"elementor-element elementor-element-6594716 elementor-widget elementor-widget-text-editor\" data-id=\"6594716\" data-element_type=\"widget\" data-e-type=\"widget\" data-widget_type=\"text-editor.default\">\n\t\t\t\t<div class=\"elementor-widget-container\">\n\t\t\t\t\t\t\t\t\t<p>La poblaci\u00f3n joven de nuestra ciudad debe movilizarse hacia ciudades como Villa Gobernador Galvez o Rosario para acceder a espacios de formaci\u00f3n en diferentes niveles, as\u00ed como para insertarse en el mundo del trabajo.<\/p><p>Aunque una gran cantidad de j\u00f3venes acceden a su primer empleo en el sector comercial de nuestra ciudad, no siempre pueden sostener condiciones laborales de estabilidad.<\/p><p>Por ello trabajamos durante cuatro a\u00f1os en capacitaciones de oficios gratuitos, en el marco del Programa Santa Fe MAS dependiente del Ministerio de Desarrollo Social y de los Centros de Formaci\u00f3n Profesional del Ministerio de Educaci\u00f3n de la Provincia de Santa Fe<\/p><p>Nuestro principal objetivo reside en promover la inclusi\u00f3n e integraci\u00f3n social de j\u00f3venes a trav\u00e9s del acceso a recursos y acciones que garanticen sus derechos sociales, culturales, de comunicaci\u00f3n, de salud y de ambiente, a trav\u00e9s de su participaci\u00f3n permanente y compromiso comunitario en diferentes \u00e1mbitos de producci\u00f3n, laboral y socio- cultural.<\/p><p>Trabajamos para:<\/p><ul><li>Promover la autonom\u00eda personal, la inclusi\u00f3n e integraci\u00f3n comunitaria de les j\u00f3venes mediante instancias de orientaci\u00f3n socio-laboral, mejora de la empleabilidad y oportunidades de formaci\u00f3n profesional.<\/li><li>Estimular la participaci\u00f3n activa de las juventudes y la realizaci\u00f3n de actividades culturales desde una impronta comunitaria y popular.<\/li><li>Fortalecer el desarrollo local a trav\u00e9s de las econom\u00edas de la cultura, la comunicaci\u00f3n y el valor agregado que puedan generar.<\/li><li>Contribuir al desarrollo local entendido como crecimiento econ\u00f3mico con impacto social a trav\u00e9s de emprendimientos ambientales de car\u00e1cter asociativo pensados desde la realidad de cada territorio.<\/li><li>Fomentar el cuidado del ambiente y el dise\u00f1o y mejoramiento del h\u00e1bitat como marco fundamental para el desarrollo sostenible de la ciudad.<\/li><li>Garantizar herramientas de formaci\u00f3n para el acompa\u00f1amiento y cuidado en el acceso a pol\u00edticas p\u00fablicas de salud integral.<\/li><li>Garantizar espacios comunitarios de formaci\u00f3n, virtual o presencial, en tem\u00e1ticas de promoci\u00f3n de derechos.<\/li><\/ul>\t\t\t\t\t\t\t\t<\/div>\n\t\t\t\t<\/div>\n\t\t\t\t\t<\/div>\n\t\t\t\t<\/div>\n\t\t\t\t<\/div>\n\t\t","protected":false},"excerpt":{"rendered":"<p>Formaci\u00f3n y Empleo para J\u00f3venes: Impulsando el Futuro de Nuestra Ciudad La poblaci\u00f3n joven de nuestra ciudad debe movilizarse hacia ciudades como Villa Gobernador Galvez o Rosario para acceder a espacios de formaci\u00f3n en diferentes niveles, as\u00ed como para insertarse en el mundo del trabajo. Aunque una gran cantidad de <a href=\"https:\/\/asociacioncivilestarsiendo.com.ar\/?p=99\" class=\"read-more\">Leer m\u00e1s&#8230;<\/a><\/p>\n","protected":false},"author":1,"featured_media":133,"comment_status":"open","ping_status":"open","sticky":false,"template":"","format":"standard","meta":{"footnotes":""},"categories":[4],"tags":[],"class_list":["post-99","post","type-post","status-publish","format-standard","has-post-thumbnail","hentry","category-proyectos"],"_links":{"self":[{"href":"https:\/\/asociacioncivilestarsiendo.com.ar\/index.php?rest_route=\/wp\/v2\/posts\/99","targetHints":{"allow":["GET"]}}],"collection":[{"href":"https:\/\/asociacioncivilestarsiendo.com.ar\/index.php?rest_route=\/wp\/v2\/posts"}],"about":[{"href":"https:\/\/asociacioncivilestarsiendo.com.ar\/index.php?rest_route=\/wp\/v2\/types\/post"}],"author":[{"embeddable":true,"href":"https:\/\/asociacioncivilestarsiendo.com.ar\/index.php?rest_route=\/wp\/v2\/users\/1"}],"replies":[{"embeddable":true,"href":"https:\/\/asociacioncivilestarsiendo.com.ar\/index.php?rest_route=%2Fwp%2Fv2%2Fcomments&post=99"}],"version-history":[{"count":10,"href":"https:\/\/asociacioncivilestarsiendo.com.ar\/index.php?rest_route=\/wp\/v2\/posts\/99\/revisions"}],"predecessor-version":[{"id":309,"href":"https:\/\/asociacioncivilestarsiendo.com.ar\/index.php?rest_route=\/wp\/v2\/posts\/99\/revisions\/309"}],"wp:featuredmedia":[{"embeddable":true,"href":"https:\/\/asociacioncivilestarsiendo.com.ar\/index.php?rest_route=\/wp\/v2\/media\/133"}],"wp:attachment":[{"href":"https:\/\/asociacioncivilestarsiendo.com.ar\/index.php?rest_route=%2Fwp%2Fv2%2Fmedia&parent=99"}],"wp:term":[{"taxonomy":"category","embeddable":true,"href":"https:\/\/asociacioncivilestarsiendo.com.ar\/index.php?rest_route=%2Fwp%2Fv2%2Fcategories&post=99"},{"taxonomy":"post_tag","embeddable":true,"href":"https:\/\/asociacioncivilestarsiendo.com.ar\/index.php?rest_route=%2Fwp%2Fv2%2Ftags&post=99"}],"curies":[{"name":"wp","href":"https:\/\/api.w.org\/{rel}","templated":true}]}}